{"id":9371,"date":"2026-09-03T13:13:37","date_gmt":"2026-09-03T16:13:37","guid":{"rendered":"https:\/\/ibcmsaude.com.br\/blog\/?p=9371"},"modified":"2026-09-03T13:13:38","modified_gmt":"2026-09-03T16:13:38","slug":"edital-de-convocacao-assembleia-geral-em-sessao-solene-de-aniversario-de-98-anos-da-ibcm-18-de-setembro-16hs-na-asstbm","status":"publish","type":"post","link":"https:\/\/ibcmsaude.com.br\/blog\/2026\/09\/03\/edital-de-convocacao-assembleia-geral-em-sessao-solene-de-aniversario-de-98-anos-da-ibcm-18-de-setembro-16hs-na-asstbm\/","title":{"rendered":"Edital de convoca\u00e7\u00e3o &#8211; Assembleia Geral em Sess\u00e3o Solene de Anivers\u00e1rio de 98 anos da IBCM &#8211; 18 de setembro, 16hs, na ASSTBM"},"content":{"rendered":"\n<figure class=\"wp-block-image size-full is-resized\"><img loading=\"lazy\" decoding=\"async\" width=\"679\" height=\"948\" src=\"https:\/\/ibcmsaude.com.br\/blog\/wp-content\/uploads\/2026\/09\/WhatsApp-Image-2026-09-03-at-13.02.02.jpeg\" alt=\"Edital de convoca\u00e7\u00e3o da IBCM para Assembleia Geral em Sess\u00e3o Solene de Anivers\u00e1rio de 98 Anos em 18 de setembro de 2026, \u00e0s 16h, na ASSTBM.\" class=\"wp-image-9374\" style=\"aspect-ratio:0.716240048787724;width:840px;height:auto\" srcset=\"https:\/\/ibcmsaude.com.br\/blog\/wp-content\/uploads\/2026\/09\/WhatsApp-Image-2026-09-03-at-13.02.02.jpeg 679w, https:\/\/ibcmsaude.com.br\/blog\/wp-content\/uploads\/2026\/09\/WhatsApp-Image-2026-09-03-at-13.02.02-215x300.jpeg 215w\" sizes=\"auto, (max-width: 679px) 100vw, 679px\" \/><\/figure>\n","protected":false},"excerpt":{"rendered":"","protected":false},"author":1,"featured_media":9369,"comment_status":"closed","ping_status":"open","sticky":false,"template":"","format":"standard","meta":{"_editorskit_title_hidden":false,"_editorskit_reading_time":0,"_editorskit_is_block_options_detached":false,"_editorskit_block_options_position":"{}","advgb_blocks_editor_width":"","advgb_blocks_columns_visual_guide":"","footnotes":""},"categories":[9],"tags":[],"class_list":["post-9371","post","type-post","status-publish","format-standard","has-post-thumbnail","hentry","category-assembleia-geral"],"author_meta":{"display_name":"IBCM","author_link":"https:\/\/ibcmsaude.com.br\/blog\/author\/ibcm\/"},"featured_img":"https:\/\/ibcmsaude.com.br\/blog\/wp-content\/uploads\/2026\/09\/FOTO-MINIATURA-2-300x200.png","coauthors":[],"tax_additional":{"categories":{"linked":["<a href=\"https:\/\/ibcmsaude.com.br\/blog\/category\/assembleia-geral\/\" class=\"advgb-post-tax-term\">ASSEMBLEIA GERAL<\/a>"],"unlinked":["<span class=\"advgb-post-tax-term\">ASSEMBLEIA GERAL<\/span>"]}},"comment_count":"0","relative_dates":{"created":"Posted 2 dias ago","modified":"Updated 2 dias ago"},"absolute_dates":{"created":"Posted on 3 de setembro de 2026","modified":"Updated on 3 de setembro de 2026"},"absolute_dates_time":{"created":"Posted on 3 de setembro de 2026 13:13","modified":"Updated on 3 de setembro de 2026 13:13"},"featured_img_caption":"IBCM - Plano de Sa\u00fade","series_order":"","featured_image":"https:\/\/ibcmsaude.com.br\/blog\/wp-content\/uploads\/2026\/09\/FOTO-MINIATURA-2.png","_links":{"self":[{"href":"https:\/\/ibcmsaude.com.br\/blog\/wp-json\/wp\/v2\/posts\/9371","targetHints":{"allow":["GET"]}}],"collection":[{"href":"https:\/\/ibcmsaude.com.br\/blog\/wp-json\/wp\/v2\/posts"}],"about":[{"href":"https:\/\/ibcmsaude.com.br\/blog\/wp-json\/wp\/v2\/types\/post"}],"author":[{"embeddable":true,"href":"https:\/\/ibcmsaude.com.br\/blog\/wp-json\/wp\/v2\/users\/1"}],"replies":[{"embeddable":true,"href":"https:\/\/ibcmsaude.com.br\/blog\/wp-json\/wp\/v2\/comments?post=9371"}],"version-history":[{"count":1,"href":"https:\/\/ibcmsaude.com.br\/blog\/wp-json\/wp\/v2\/posts\/9371\/revisions"}],"predecessor-version":[{"id":9375,"href":"https:\/\/ibcmsaude.com.br\/blog\/wp-json\/wp\/v2\/posts\/9371\/revisions\/9375"}],"wp:featuredmedia":[{"embeddable":true,"href":"https:\/\/ibcmsaude.com.br\/blog\/wp-json\/wp\/v2\/media\/9369"}],"wp:attachment":[{"href":"https:\/\/ibcmsaude.com.br\/blog\/wp-json\/wp\/v2\/media?parent=9371"}],"wp:term":[{"taxonomy":"category","embeddable":true,"href":"https:\/\/ibcmsaude.com.br\/blog\/wp-json\/wp\/v2\/categories?post=9371"},{"taxonomy":"post_tag","embeddable":true,"href":"https:\/\/ibcmsaude.com.br\/blog\/wp-json\/wp\/v2\/tags?post=9371"}],"curies":[{"name":"wp","href":"https:\/\/api.w.org\/{rel}","templated":true}]}}