{"id":9363,"date":"2026-09-03T13:06:49","date_gmt":"2026-09-03T16:06:49","guid":{"rendered":"https:\/\/ibcmsaude.com.br\/blog\/?p=9363"},"modified":"2026-09-03T13:14:35","modified_gmt":"2026-09-03T16:14:35","slug":"edital-de-convocacao-assembleia-geral-extraordinaria-5","status":"publish","type":"post","link":"https:\/\/ibcmsaude.com.br\/blog\/2026\/09\/03\/edital-de-convocacao-assembleia-geral-extraordinaria-5\/","title":{"rendered":"Edital de Convoca\u00e7\u00e3o &#8211; Assembleia Geral Extraordin\u00e1ria &#8211; 16 de setembro, 15h30, na IBCM Menino Deus"},"content":{"rendered":"\n<figure class=\"wp-block-image size-full is-resized\"><img loading=\"lazy\" decoding=\"async\" width=\"678\" height=\"950\" src=\"https:\/\/ibcmsaude.com.br\/blog\/wp-content\/uploads\/2026\/09\/WhatsApp-Image-2026-09-03-at-13.02.56.jpeg\" alt=\"Edital de convoca\u00e7\u00e3o da IBCM para Assembleia Geral Extraordin\u00e1ria em 16 de setembro de 2026, \u00e0s 15h30min, na Policl\u00ednica Coronel Claudino.\" class=\"wp-image-9367\" style=\"aspect-ratio:0.7137029787653996;width:840px;height:auto\" srcset=\"https:\/\/ibcmsaude.com.br\/blog\/wp-content\/uploads\/2026\/09\/WhatsApp-Image-2026-09-03-at-13.02.56.jpeg 678w, https:\/\/ibcmsaude.com.br\/blog\/wp-content\/uploads\/2026\/09\/WhatsApp-Image-2026-09-03-at-13.02.56-214x300.jpeg 214w\" sizes=\"auto, (max-width: 678px) 100vw, 678px\" \/><\/figure>\n","protected":false},"excerpt":{"rendered":"","protected":false},"author":1,"featured_media":9369,"comment_status":"closed","ping_status":"open","sticky":false,"template":"","format":"standard","meta":{"_editorskit_title_hidden":false,"_editorskit_reading_time":0,"_editorskit_is_block_options_detached":false,"_editorskit_block_options_position":"{}","advgb_blocks_editor_width":"","advgb_blocks_columns_visual_guide":"","footnotes":""},"categories":[21],"tags":[],"class_list":["post-9363","post","type-post","status-publish","format-standard","has-post-thumbnail","hentry","category-assembleia-geral-extraordinaria"],"author_meta":{"display_name":"IBCM","author_link":"https:\/\/ibcmsaude.com.br\/blog\/author\/ibcm\/"},"featured_img":"https:\/\/ibcmsaude.com.br\/blog\/wp-content\/uploads\/2026\/09\/FOTO-MINIATURA-2-300x200.png","coauthors":[],"tax_additional":{"categories":{"linked":["<a href=\"https:\/\/ibcmsaude.com.br\/blog\/category\/assembleia-geral-extraordinaria\/\" class=\"advgb-post-tax-term\">ASSEMBLEIA GERAL EXTRAORDIN\u00c1RIA<\/a>"],"unlinked":["<span class=\"advgb-post-tax-term\">ASSEMBLEIA GERAL EXTRAORDIN\u00c1RIA<\/span>"]}},"comment_count":"0","relative_dates":{"created":"Posted 2 dias ago","modified":"Updated 2 dias ago"},"absolute_dates":{"created":"Posted on 3 de setembro de 2026","modified":"Updated on 3 de setembro de 2026"},"absolute_dates_time":{"created":"Posted on 3 de setembro de 2026 13:06","modified":"Updated on 3 de setembro de 2026 13:14"},"featured_img_caption":"IBCM - Plano de Sa\u00fade","series_order":"","featured_image":"https:\/\/ibcmsaude.com.br\/blog\/wp-content\/uploads\/2026\/09\/FOTO-MINIATURA-2.png","_links":{"self":[{"href":"https:\/\/ibcmsaude.com.br\/blog\/wp-json\/wp\/v2\/posts\/9363","targetHints":{"allow":["GET"]}}],"collection":[{"href":"https:\/\/ibcmsaude.com.br\/blog\/wp-json\/wp\/v2\/posts"}],"about":[{"href":"https:\/\/ibcmsaude.com.br\/blog\/wp-json\/wp\/v2\/types\/post"}],"author":[{"embeddable":true,"href":"https:\/\/ibcmsaude.com.br\/blog\/wp-json\/wp\/v2\/users\/1"}],"replies":[{"embeddable":true,"href":"https:\/\/ibcmsaude.com.br\/blog\/wp-json\/wp\/v2\/comments?post=9363"}],"version-history":[{"count":2,"href":"https:\/\/ibcmsaude.com.br\/blog\/wp-json\/wp\/v2\/posts\/9363\/revisions"}],"predecessor-version":[{"id":9376,"href":"https:\/\/ibcmsaude.com.br\/blog\/wp-json\/wp\/v2\/posts\/9363\/revisions\/9376"}],"wp:featuredmedia":[{"embeddable":true,"href":"https:\/\/ibcmsaude.com.br\/blog\/wp-json\/wp\/v2\/media\/9369"}],"wp:attachment":[{"href":"https:\/\/ibcmsaude.com.br\/blog\/wp-json\/wp\/v2\/media?parent=9363"}],"wp:term":[{"taxonomy":"category","embeddable":true,"href":"https:\/\/ibcmsaude.com.br\/blog\/wp-json\/wp\/v2\/categories?post=9363"},{"taxonomy":"post_tag","embeddable":true,"href":"https:\/\/ibcmsaude.com.br\/blog\/wp-json\/wp\/v2\/tags?post=9363"}],"curies":[{"name":"wp","href":"https:\/\/api.w.org\/{rel}","templated":true}]}}