{"id":9355,"date":"2026-09-02T11:35:51","date_gmt":"2026-09-02T14:35:51","guid":{"rendered":"https:\/\/ibcmsaude.com.br\/blog\/?p=9355"},"modified":"2026-09-02T11:45:19","modified_gmt":"2026-09-02T14:45:19","slug":"campanha-de-aniversario-ibcm-98-anos-cuidando-da-saude-do-servidor-com-carencia-zero","status":"publish","type":"post","link":"https:\/\/ibcmsaude.com.br\/blog\/2026\/09\/02\/campanha-de-aniversario-ibcm-98-anos-cuidando-da-saude-do-servidor-com-carencia-zero\/","title":{"rendered":"Campanha de Anivers\u00e1rio IBCM: 98 Anos Cuidando da Sa\u00fade do Servidor com Car\u00eancia Zero"},"content":{"rendered":"\n<figure class=\"wp-block-image size-large\"><img loading=\"lazy\" decoding=\"async\" width=\"1024\" height=\"576\" src=\"https:\/\/ibcmsaude.com.br\/blog\/wp-content\/uploads\/2026\/09\/MATERIA-98-ANOS-1-1024x576.png\" alt=\"Card promocional sobre fundo azul informando o M\u00eas de Anivers\u00e1rio IBCM 98 Anos. No topo, destaca-se a palavra IBCM em amarelo com um selo laranja onde se l\u00ea Car\u00eancia Zero. Do lado esquerdo, o texto convida o servidor do Estado e do Munic\u00edpio do RS a garantir seu plano de sa\u00fade. Ao centro, um quadro amarelo lista os benef\u00edcios: consultas m\u00e9dicas, exames simples, odontologia, terapias e telemedicina. No rodap\u00e9, o logotipo de 98 anos da IBCM e o per\u00edodo promocional de 01 a 30 de setembro.\" class=\"wp-image-9360\" srcset=\"https:\/\/ibcmsaude.com.br\/blog\/wp-content\/uploads\/2026\/09\/MATERIA-98-ANOS-1-1024x576.png 1024w, https:\/\/ibcmsaude.com.br\/blog\/wp-content\/uploads\/2026\/09\/MATERIA-98-ANOS-1-300x169.png 300w, https:\/\/ibcmsaude.com.br\/blog\/wp-content\/uploads\/2026\/09\/MATERIA-98-ANOS-1-768x432.png 768w, https:\/\/ibcmsaude.com.br\/blog\/wp-content\/uploads\/2026\/09\/MATERIA-98-ANOS-1-1536x864.png 1536w, https:\/\/ibcmsaude.com.br\/blog\/wp-content\/uploads\/2026\/09\/MATERIA-98-ANOS-1.png 1920w\" sizes=\"auto, (max-width: 1024px) 100vw, 1024px\" \/><\/figure>\n\n\n\n<p class=\"wp-block-paragraph\">A IBCM comemora seus 98 anos de hist\u00f3ria e dedica\u00e7\u00e3o ao funcionalismo p\u00fablico do Rio Grande do Sul com uma condi\u00e7\u00e3o especial para novas ades\u00f5es. Durante todo o m\u00eas de setembro, servidores p\u00fablicos do Estado e dos Munic\u00edpios ga\u00fachos podem garantir a prote\u00e7\u00e3o da sua sa\u00fade e de suas fam\u00edlias com o benef\u00edcio da <strong>Car\u00eancia Zero<\/strong>.<\/p>\n\n\n\n<p class=\"wp-block-paragraph\">A iniciativa promocional busca facilitar o acesso de novos benefici\u00e1rios a uma estrutura completa de assist\u00eancia \u00e0 sa\u00fade, eliminando o tempo de espera tradicional para a utiliza\u00e7\u00e3o dos servi\u00e7os essenciais.<\/p>\n\n\n\n<h1 class=\"wp-block-heading\">O que a promo\u00e7\u00e3o contempla?<\/h1>\n\n\n\n<p class=\"wp-block-paragraph\">Ao aderir ao plano de sa\u00fade no per\u00edodo promocional, o benefici\u00e1rio passa a ter acesso imediato a:<\/p>\n\n\n\n<ul class=\"wp-block-list\">\n<li><strong>Consultas M\u00e9dicas:<\/strong> Atendimento em diversas especialidades na rede credenciada e pr\u00f3pria.<\/li>\n\n\n\n<li><strong>Exames Simples:<\/strong> Diagn\u00f3sticos laboratoriais e de imagem essenciais para o acompanhamento cont\u00ednuo da sa\u00fade.<\/li>\n\n\n\n<li><strong>Odontologia:<\/strong> Cuidado e preven\u00e7\u00e3o para a sa\u00fade bucal.<\/li>\n\n\n\n<li><strong>Terapias:<\/strong> Sess\u00f5es de acompanhamento especializado de acordo com as necessidades de cada paciente.<\/li>\n\n\n\n<li><strong>Telemedicina:<\/strong> Praticidade e agilidade para atendimento m\u00e9dico sem sair de casa.<\/li>\n<\/ul>\n\n\n\n<p class=\"wp-block-paragraph\">Com quase um s\u00e9culo de atua\u00e7\u00e3o no Rio Grande do Sul, a IBCM reafirma seu compromisso de entregar solu\u00e7\u00f5es em sa\u00fade acess\u00edveis, com atendimento humanizado e focado nas necessidades dos servidores p\u00fablicos e seus dependentes.<\/p>\n\n\n\n<figure class=\"wp-block-image size-large\"><img loading=\"lazy\" decoding=\"async\" width=\"1024\" height=\"722\" src=\"https:\/\/ibcmsaude.com.br\/blog\/wp-content\/uploads\/2026\/09\/MINIATURA-98-ANOS-1-1024x722.png\" alt=\"\" class=\"wp-image-9361\" srcset=\"https:\/\/ibcmsaude.com.br\/blog\/wp-content\/uploads\/2026\/09\/MINIATURA-98-ANOS-1-1024x722.png 1024w, https:\/\/ibcmsaude.com.br\/blog\/wp-content\/uploads\/2026\/09\/MINIATURA-98-ANOS-1-300x211.png 300w, https:\/\/ibcmsaude.com.br\/blog\/wp-content\/uploads\/2026\/09\/MINIATURA-98-ANOS-1-768x541.png 768w, https:\/\/ibcmsaude.com.br\/blog\/wp-content\/uploads\/2026\/09\/MINIATURA-98-ANOS-1-1536x1083.png 1536w, https:\/\/ibcmsaude.com.br\/blog\/wp-content\/uploads\/2026\/09\/MINIATURA-98-ANOS-1-2048x1444.png 2048w\" sizes=\"auto, (max-width: 1024px) 100vw, 1024px\" \/><\/figure>\n\n\n\n<h2 class=\"wp-block-heading\">Como aproveitar a campanha<\/h2>\n\n\n\n<p class=\"wp-block-paragraph\">A condi\u00e7\u00e3o de Car\u00eancia Zero \u00e9 v\u00e1lida exclusivamente para ades\u00f5es contratadas no per\u00edodo de <strong>01 a 30 de setembro<\/strong>.<\/p>\n\n\n\n<p class=\"wp-block-paragraph\">Para consultar o regulamento completo, tirar d\u00favidas sobre os planos dispon\u00edveis ou simular a contrata\u00e7\u00e3o, entre em contato direto com a equipe comercial pelo WhatsApp <strong><a href=\"https:\/\/www.google.com\/search?q=https:\/\/wa.me\/555132305516%3Ftext%3DOl%25C3%25A1!%2520Li%2520a%2520not%25C3%25ADcia%2520no%2520site%2520da%2520IBCM%2520e%2520gostaria%2520de%2520saber%2520mais%2520sobre%2520a%2520Promo%25C3%25A7%25C3%25A3o%2520de%2520Anivers%25C3%25A1rio%2520de%252098%2520Anos.\" target=\"_blank\" rel=\"noopener\">clicando aqui<\/a><\/strong> <\/p>\n\n\n\n<p class=\"wp-block-paragraph\"><\/p>\n","protected":false},"excerpt":{"rendered":"<p>A IBCM comemora seus 98 anos de hist\u00f3ria e dedica\u00e7\u00e3o ao funcionalismo p\u00fablico do Rio Grande do Sul com uma condi\u00e7\u00e3o especial para novas ades\u00f5es. Durante todo o m\u00eas de setembro, servidores p\u00fablicos do Estado e dos Munic\u00edpios ga\u00fachos podem garantir a prote\u00e7\u00e3o da sua sa\u00fade e de suas fam\u00edlias [&hellip;]<\/p>\n","protected":false},"author":1,"featured_media":9361,"comment_status":"closed","ping_status":"open","sticky":false,"template":"","format":"standard","meta":{"_editorskit_title_hidden":false,"_editorskit_reading_time":0,"_editorskit_is_block_options_detached":false,"_editorskit_block_options_position":"{}","advgb_blocks_editor_width":"","advgb_blocks_columns_visual_guide":"","footnotes":""},"categories":[217],"tags":[],"class_list":["post-9355","post","type-post","status-publish","format-standard","has-post-thumbnail","hentry","category-promocao"],"author_meta":{"display_name":"IBCM","author_link":"https:\/\/ibcmsaude.com.br\/blog\/author\/ibcm\/"},"featured_img":"https:\/\/ibcmsaude.com.br\/blog\/wp-content\/uploads\/2026\/09\/MINIATURA-98-ANOS-1-300x211.png","coauthors":[],"tax_additional":{"categories":{"linked":["<a href=\"https:\/\/ibcmsaude.com.br\/blog\/category\/promocao\/\" class=\"advgb-post-tax-term\">PROMO\u00c7\u00c3O<\/a>"],"unlinked":["<span class=\"advgb-post-tax-term\">PROMO\u00c7\u00c3O<\/span>"]}},"comment_count":"0","relative_dates":{"created":"Posted 4 dias ago","modified":"Updated 4 dias ago"},"absolute_dates":{"created":"Posted on 2 de setembro de 2026","modified":"Updated on 2 de setembro de 2026"},"absolute_dates_time":{"created":"Posted on 2 de setembro de 2026 11:35","modified":"Updated on 2 de setembro de 2026 11:45"},"featured_img_caption":"Campanha promocional de 98 anos da IBCM oferece car\u00eancia zero em consultas, exames simples, odontologia, terapias e telemedicina para servidores estaduais e municipais do RS durante todo o m\u00eas de setembro.","series_order":"","featured_image":"https:\/\/ibcmsaude.com.br\/blog\/wp-content\/uploads\/2026\/09\/MINIATURA-98-ANOS-1.png","_links":{"self":[{"href":"https:\/\/ibcmsaude.com.br\/blog\/wp-json\/wp\/v2\/posts\/9355","targetHints":{"allow":["GET"]}}],"collection":[{"href":"https:\/\/ibcmsaude.com.br\/blog\/wp-json\/wp\/v2\/posts"}],"about":[{"href":"https:\/\/ibcmsaude.com.br\/blog\/wp-json\/wp\/v2\/types\/post"}],"author":[{"embeddable":true,"href":"https:\/\/ibcmsaude.com.br\/blog\/wp-json\/wp\/v2\/users\/1"}],"replies":[{"embeddable":true,"href":"https:\/\/ibcmsaude.com.br\/blog\/wp-json\/wp\/v2\/comments?post=9355"}],"version-history":[{"count":2,"href":"https:\/\/ibcmsaude.com.br\/blog\/wp-json\/wp\/v2\/posts\/9355\/revisions"}],"predecessor-version":[{"id":9362,"href":"https:\/\/ibcmsaude.com.br\/blog\/wp-json\/wp\/v2\/posts\/9355\/revisions\/9362"}],"wp:featuredmedia":[{"embeddable":true,"href":"https:\/\/ibcmsaude.com.br\/blog\/wp-json\/wp\/v2\/media\/9361"}],"wp:attachment":[{"href":"https:\/\/ibcmsaude.com.br\/blog\/wp-json\/wp\/v2\/media?parent=9355"}],"wp:term":[{"taxonomy":"category","embeddable":true,"href":"https:\/\/ibcmsaude.com.br\/blog\/wp-json\/wp\/v2\/categories?post=9355"},{"taxonomy":"post_tag","embeddable":true,"href":"https:\/\/ibcmsaude.com.br\/blog\/wp-json\/wp\/v2\/tags?post=9355"}],"curies":[{"name":"wp","href":"https:\/\/api.w.org\/{rel}","templated":true}]}}